{"id":97,"date":"2011-05-04T20:01:41","date_gmt":"2011-05-04T19:01:41","guid":{"rendered":"http:\/\/www.wildeente.com\/?p=97"},"modified":"2011-05-04T20:01:41","modified_gmt":"2011-05-04T19:01:41","slug":"war-es-ein-fehler-bin-laden-zu-toten-anstatt-ihn-vor-gericht-zu-stellen","status":"publish","type":"post","link":"http:\/\/www.wildeente.com\/?p=97","title":{"rendered":"War es ein Fehler, Bin laden zu t\u00f6ten, anstatt ihn vor Gericht zu stellen?"},"content":{"rendered":"<p>Nun ist er also tot, der Staatsfeind Nummer 1, die gr\u00f6\u00dfte Nemesis seit dem 2. Weltkrieg. Der Mann, der eine Nation, ach was, eine ganze Welt dazu gebracht hat, die Luft anzuhalten. Osama Bin Laden ist nicht mehr. In den fr\u00fchen Morgenstunden des 2. Mai 2011 (Pakistaner Zeit) wurde er durch ein Spezialkommando der US Navy Seals get\u00f6tet.<!--more--> Die genauen Umst\u00e4nde sind nat\u00fcrlich nicht bekannt. Hier muss man sich auf die Informationen verlassen, die die USA zur Verf\u00fcgung stellen.<br \/>\nDer Tod Osama  bin Ladens sorgte f\u00fcr merkw\u00fcrdige Stilbl\u00fcten, so war sich \u201euns\u201c Angie nicht zu bl\u00f6d, vor die Fernsehkameras zu treten, um dort unverhohlen ihrer Freude Ausdruck zu verleihen, dass Bin Laden get\u00f6tet wurde: &#8222;Ich freue mich, dass es gelungen ist, bin Laden zu t\u00f6ten.&#8220;\u2026Sorry, so etwas darf man denken, aber als Staatsoberhaupt eines Rechtsstaates vielleicht nicht unbedingt in die Welt hinaus pl\u00e4rren. Aber sei es drum, hier soll es mal nicht um Super-Angie gehen, die wird in Zukunft noch genug andere Sorgen haben. Au\u00dferdem hat man sie ja nur falsch verstanden, der Satz ist ja aus dem Zusammenhang gerissen\u2026<br \/>\nMir geht es um die Diskussion, ob die T\u00f6tung Bin Ladens v\u00f6lkerrechtlich gesehen legitim war, bzw. ob die USA sich nicht einen gr\u00f6\u00dferen Gefallen getan h\u00e4tten, wenn sie ihn zuhause vor Gericht gestellt h\u00e4tten.<br \/>\nErst einmal das V\u00f6lkerrechtliche: Ne, war es wohl nicht so richtig, also legitim. Unter anderem, weil Pakistan erst NACH dem Zugriff informiert wurde, dass regul\u00e4re Kampftruppen der USA auf pakistanischem Staatsgebiet einen milit\u00e4rischen Einsatz durchf\u00fchren. Ob Osama Bin Laden nun Kombattantenstatus hatte oder nicht, sei dahin gestellt. Bin Laden hat in vielen seiner Reden die USA als seinen Feind bezeichnet und sein Wirken (und das von Al Quaida) als Krieg gegen den imperialistischen Feind.<br \/>\nWollten die USA Bin Laden \u00fcberhaupt lebend gefangen nehmen?<br \/>\nIch denke eher nicht, da eine Gefangenname und ein sp\u00e4terer Prozess erhebliche Probleme bedeutet h\u00e4tten.  Im Prinzip h\u00e4tte Bin Laden an den internationalen Strafgerichtshof in Den Haag \u00fcberstellt werden m\u00fcssen, was aber zwei schwerwiegende Probleme aufgeworfen h\u00e4tte.<br \/>\n1. Erkennen die USA diesen Straferichtshof gar nicht an, w\u00fcrden also gar nicht einsehen, warum sie IHREN Gefangenen an eine Instanz ausliefern sollen, die in den Augen der USA keinerlei Befugnis hat.<br \/>\n2. Viel schwerwiegender, selbst WENN die USA Den Haag anerkennen w\u00fcrde, kann und wird der Internationale Starfgerichtshof niemanden zu Tode verurteilen, schon allein aufgrund fehlender Befugnisse\/rechtlicher M\u00f6glichkeiten. Das w\u00e4re aber dem amerikanischen Volk kaum zu vermitteln gewesen. Osama Bin Laden lebenslang im Knast, aber nicht mal einem Guantanamoderivat, sondern einem eher angenehmen Knast\u2026da w\u00e4re Osamas Restleben aber luxuri\u00f6ser gewesen, als seine zwischenzeitlichen Aufenthalte in Tora Boras Bergwelt. Nichts zu vergessen die dann mit Sicherheit folgenden Versuche Bin Laden wieder freizupressen. Da w\u00fcrde sich sehr bald die Frage stellen, wie viele Tote ein Gefangener so wert ist. Die dann aufbrandende Welle an Attentaten und Geiselnahmen d\u00fcrfte wohl beispiellos in der Geschichte sein.<br \/>\nBliebe also, Bin Laden in den USA vor Gericht zu stellen. Auch hier das Problem, das es eine Welle von Befreiungsversuchen der einen oder anderen Art geben w\u00fcrde. Dieser Prozess w\u00fcrde vor den Augen der Welt\u00f6ffentlichkeit ablaufen, das hei\u00dft, mannigfaltige M\u00f6glichkeiten f\u00fcr Osama Bin Laden sich zu profilieren und dem imperialistischen Feindbild mal noch so richtig eine mitzugeben. Ein solcher Prozess w\u00e4re auch wenig mehr als eine Farce gewesen, denn am Ende h\u00e4tte eh nur ein Todesurteil stehen k\u00f6nnen, etwas anderes h\u00e4tte die amerikanische Volksseele gar nicht zugelassen.<br \/>\nNun aber ist Osama beim Zugriff erschossen worden, zwei Sch\u00fcsse in den Kopf, da blieb nichts dem Zufall \u00fcberlassen. Fachgerecht wurde der Leichnam nach Afghanistan ausgeflogen, auf einen Schiff gebracht und unverz\u00fcglich seebestattet, so dass sich keinesfalls eine Pilgerst\u00e4tte an seinem Grab bilden kann. Dass man dabei so schnell und zielstrebig vorging, kann man wohl nur mit dem Klammerbeutel Gepuderten als Einhaltung muslimischer Bestattungsriten verkaufen. Aber OK, das nehmen wir mal so hin.<br \/>\nAnfangs erw\u00e4hnte ich ja, dass ich Merkels Verhalten, also ihren Ausdruck von Freude bez\u00fcglich der T\u00f6tung Bin Ladens, eher daneben finde. Anders verh\u00e4lt es sich mit der Freude der Amerikaner, die ja teilweise direkt nach Bekanntgabe der T\u00f6tung spontane Parties vor dem Wei\u00dfen Haus und an Ground Zero abhielten. Diesem Volk wurde nahezu 10 Jahre lang eingetrichtert, dass Osama das absolut B\u00f6se der Welt ist. 9\/11 hat das amerikanische Volk ins Mark getroffen, nie zuvor wurde Amerika so vernichtend auf eigenem Grund und Boden angegriffen. Dass diese Leute nun, angesichts der \u201eerfahrenen Gerechtigkeit\u201c zu jubeln beginnen, mag daher niemand verwundern. Besonders danns nicht, wenn man sich vor Augen h\u00e4lt, wie in der arabischen Welt damals das Attentat auf das WTC bejubelt wurde. Zumal damals der Tod unbeteiligter Zivilisten bejubelt wurde und Osama Bin Laden war bestimmt einiges, aber bestimmt kein unbeteiligter Zivilist!<br \/>\nSo hat der Tod Bin Ladens nun daf\u00fcr gesorgt, dass ein Kapitel der Geschichte geschlossen werden kann, doch es ist Irrsinn oder zumindest extrem blau\u00e4ugig, zu glauben, dass nun der Terror in der Welt endet. Ich denke eher, wir stehen an der Schwelle einer neuen Terrorwelle. Schon bald werden wir feststellen, ob Bin Laden der Kopf Al Kaidas war oder nur (noch) eine Symbolfigur. <\/p>\n","protected":false},"excerpt":{"rendered":"<p>Nun ist er also tot, der Staatsfeind Nummer 1, die gr\u00f6\u00dfte Nemesis seit dem 2. Weltkrieg. Der Mann, der eine Nation, ach was, eine ganze Welt dazu gebracht hat, die Luft anzuhalten. Osama Bin Laden ist nicht mehr. In den fr\u00fchen Morgenstunden des 2. Mai 2011 (Pakistaner Zeit) wurde er durch ein Spezialkommando der US [&hellip;]<\/p>\n","protected":false},"author":1,"featured_media":0,"comment_status":"open","ping_status":"open","sticky":false,"template":"","format":"standard","meta":[],"categories":[3],"tags":[28,30,4,31,29],"_links":{"self":[{"href":"http:\/\/www.wildeente.com\/index.php?rest_route=\/wp\/v2\/posts\/97"}],"collection":[{"href":"http:\/\/www.wildeente.com\/index.php?rest_route=\/wp\/v2\/posts"}],"about":[{"href":"http:\/\/www.wildeente.com\/index.php?rest_route=\/wp\/v2\/types\/post"}],"author":[{"embeddable":true,"href":"http:\/\/www.wildeente.com\/index.php?rest_route=\/wp\/v2\/users\/1"}],"replies":[{"embeddable":true,"href":"http:\/\/www.wildeente.com\/index.php?rest_route=%2Fwp%2Fv2%2Fcomments&post=97"}],"version-history":[{"count":2,"href":"http:\/\/www.wildeente.com\/index.php?rest_route=\/wp\/v2\/posts\/97\/revisions"}],"predecessor-version":[{"id":99,"href":"http:\/\/www.wildeente.com\/index.php?rest_route=\/wp\/v2\/posts\/97\/revisions\/99"}],"wp:attachment":[{"href":"http:\/\/www.wildeente.com\/index.php?rest_route=%2Fwp%2Fv2%2Fmedia&parent=97"}],"wp:term":[{"taxonomy":"category","embeddable":true,"href":"http:\/\/www.wildeente.com\/index.php?rest_route=%2Fwp%2Fv2%2Fcategories&post=97"},{"taxonomy":"post_tag","embeddable":true,"href":"http:\/\/www.wildeente.com\/index.php?rest_route=%2Fwp%2Fv2%2Ftags&post=97"}],"curies":[{"name":"wp","href":"https:\/\/api.w.org\/{rel}","templated":true}]}}